{"id":916,"global_id":"turismosancristobal.com\/en?id=916","global_id_lineage":["turismosancristobal.com\/en?id=916"],"author":"2","status":"publish","date":"2025-09-22 12:29:25","date_utc":"2025-09-22 18:29:25","modified":"2025-09-22 12:29:25","modified_utc":"2025-09-22 18:29:25","url":"https:\/\/turismosancristobal.com\/en\/evento\/conferencia-de-arte-y-vida-en-el-panteon-coleto\/","rest_url":"https:\/\/turismosancristobal.com\/en\/wp-json\/tribe\/events\/v1\/events\/916","title":"Conferencia: De Arte y Vida en el Pante\u00f3n Coleto","description":"<p>Impartida por : Dra. Luz del Roc\u00edo Berm\u00fadez Hern\u00e1ndez<\/p>","excerpt":"","slug":"conferencia-de-arte-y-vida-en-el-panteon-coleto","image":{"url":"https:\/\/turismosancristobal.com\/wp-content\/uploads\/2025\/09\/WhatsApp-Image-2025-09-22-at-12.13.12-PM.jpeg","id":917,"extension":"jpeg","width":988,"height":1280,"filesize":559077,"sizes":{"medium":{"width":232,"height":300,"mime-type":"image\/jpeg","filesize":20973,"url":"https:\/\/turismosancristobal.com\/wp-content\/uploads\/2025\/09\/WhatsApp-Image-2025-09-22-at-12.13.12-PM-232x300.jpeg"},"large":{"width":790,"height":1024,"mime-type":"image\/jpeg","filesize":209603,"url":"https:\/\/turismosancristobal.com\/wp-content\/uploads\/2025\/09\/WhatsApp-Image-2025-09-22-at-12.13.12-PM-790x1024.jpeg"},"thumbnail":{"width":150,"height":150,"mime-type":"image\/jpeg","filesize":7004,"url":"https:\/\/turismosancristobal.com\/wp-content\/uploads\/2025\/09\/WhatsApp-Image-2025-09-22-at-12.13.12-PM-150x150.jpeg"},"medium_large":{"width":768,"height":995,"mime-type":"image\/jpeg","filesize":199596,"url":"https:\/\/turismosancristobal.com\/wp-content\/uploads\/2025\/09\/WhatsApp-Image-2025-09-22-at-12.13.12-PM-768x995.jpeg"},"trp-custom-language-flag":{"width":9,"height":12,"mime-type":"image\/jpeg","filesize":361,"url":"https:\/\/turismosancristobal.com\/wp-content\/uploads\/2025\/09\/WhatsApp-Image-2025-09-22-at-12.13.12-PM-9x12.jpeg"},"be_thumbnail":{"width":150,"height":150,"mime-type":"image\/jpeg","filesize":7004,"url":"https:\/\/turismosancristobal.com\/wp-content\/uploads\/2025\/09\/WhatsApp-Image-2025-09-22-at-12.13.12-PM-150x150.jpeg"},"be_clients":{"width":58,"height":75,"mime-type":"image\/jpeg","filesize":2014,"url":"https:\/\/turismosancristobal.com\/wp-content\/uploads\/2025\/09\/WhatsApp-Image-2025-09-22-at-12.13.12-PM-58x75.jpeg"},"slider-content":{"width":988,"height":860,"mime-type":"image\/jpeg","filesize":254231,"url":"https:\/\/turismosancristobal.com\/wp-content\/uploads\/2025\/09\/WhatsApp-Image-2025-09-22-at-12.13.12-PM-988x860.jpeg"},"portfolio-mf":{"width":988,"height":1000,"mime-type":"image\/jpeg","filesize":299004,"url":"https:\/\/turismosancristobal.com\/wp-content\/uploads\/2025\/09\/WhatsApp-Image-2025-09-22-at-12.13.12-PM-988x1000.jpeg"},"portfolio-mf-w":{"width":988,"height":500,"mime-type":"image\/jpeg","filesize":142626,"url":"https:\/\/turismosancristobal.com\/wp-content\/uploads\/2025\/09\/WhatsApp-Image-2025-09-22-at-12.13.12-PM-988x500.jpeg"},"portfolio-mf-t":{"width":768,"height":1200,"mime-type":"image\/jpeg","filesize":246123,"url":"https:\/\/turismosancristobal.com\/wp-content\/uploads\/2025\/09\/WhatsApp-Image-2025-09-22-at-12.13.12-PM-768x1200.jpeg"},"portfolio-list":{"width":988,"height":750,"mime-type":"image\/jpeg","filesize":212685,"url":"https:\/\/turismosancristobal.com\/wp-content\/uploads\/2025\/09\/WhatsApp-Image-2025-09-22-at-12.13.12-PM-988x750.jpeg"},"blog-portfolio":{"width":960,"height":750,"mime-type":"image\/jpeg","filesize":171994,"url":"https:\/\/turismosancristobal.com\/wp-content\/uploads\/2025\/09\/WhatsApp-Image-2025-09-22-at-12.13.12-PM-960x750.jpeg"},"blog-single":{"width":988,"height":480,"mime-type":"image\/jpeg","filesize":124312,"url":"https:\/\/turismosancristobal.com\/wp-content\/uploads\/2025\/09\/WhatsApp-Image-2025-09-22-at-12.13.12-PM-988x480.jpeg"},"mobile-srcset":{"width":480,"height":622,"mime-type":"image\/jpeg","filesize":81513,"url":"https:\/\/turismosancristobal.com\/wp-content\/uploads\/2025\/09\/WhatsApp-Image-2025-09-22-at-12.13.12-PM-480x622.jpeg"}}},"all_day":false,"start_date":"2025-09-24 17:00:00","start_date_details":{"year":"2025","month":"09","day":"24","hour":"17","minutes":"00","seconds":"00"},"end_date":"2025-09-24 17:00:00","end_date_details":{"year":"2025","month":"09","day":"24","hour":"17","minutes":"00","seconds":"00"},"utc_start_date":"2025-09-24 23:00:00","utc_start_date_details":{"year":"2025","month":"09","day":"24","hour":"23","minutes":"00","seconds":"00"},"utc_end_date":"2025-09-24 23:00:00","utc_end_date_details":{"year":"2025","month":"09","day":"24","hour":"23","minutes":"00","seconds":"00"},"timezone":"America\/Mexico_City","timezone_abbr":"CST","cost":"","cost_details":{"currency_symbol":"$","currency_code":"MXN","currency_position":"prefix","values":[]},"website":"","show_map":true,"show_map_link":true,"hide_from_listings":false,"sticky":false,"featured":false,"categories":[],"tags":[],"venue":{"id":587,"author":"4","status":"publish","date":"2025-04-18 12:51:54","date_utc":"2025-04-18 18:51:54","modified":"2025-04-18 12:51:54","modified_utc":"2025-04-18 18:51:54","url":"https:\/\/turismosancristobal.com\/en\/venue\/centro-cultural-del-carmen\/","venue":"Centro Cultural del Carmen","slug":"centro-cultural-del-carmen","json_ld":{"@type":"Place","name":"Centro Cultural del Carmen","description":"","url":"https:\/\/turismosancristobal.com\/en\/venue\/centro-cultural-del-carmen\/","address":{"@type":"PostalAddress"},"telephone":"","sameAs":""},"show_map":true,"show_map_link":true,"global_id":"turismosancristobal.com\/en?id=587","global_id_lineage":["turismosancristobal.com\/en?id=587"]},"organizer":[],"custom_fields":[],"json_ld":{"@context":"http:\/\/schema.org","@type":"Event","name":"Conferencia: De Arte y Vida en el Pante\u00f3n Coleto","description":"&lt;p&gt;Impartida por : Dra. Luz del Roc\u00edo Berm\u00fadez Hern\u00e1ndez&lt;\/p&gt;\\n","image":"https:\/\/turismosancristobal.com\/wp-content\/uploads\/2025\/09\/WhatsApp-Image-2025-09-22-at-12.13.12-PM.jpeg","url":"https:\/\/turismosancristobal.com\/en\/evento\/conferencia-de-arte-y-vida-en-el-panteon-coleto\/","eventAttendanceMode":"https:\/\/schema.org\/OfflineEventAttendanceMode","eventStatus":"https:\/\/schema.org\/EventScheduled","startDate":"2025-09-24T17:00:00-06:00","endDate":"2025-09-24T17:00:00-06:00","location":{"@type":"Place","name":"Centro Cultural del Carmen","description":"","url":"https:\/\/turismosancristobal.com\/en\/venue\/centro-cultural-del-carmen\/","address":{"@type":"PostalAddress"},"telephone":"","sameAs":""},"performer":"Organization"},"is_virtual":false,"virtual_url":null,"virtual_video_source":""}